[{"@context":"https:\/\/schema.org\/","@type":"Article","@id":"https:\/\/www.ermon.cz\/virivka\/#Article","mainEntityOfPage":"https:\/\/www.ermon.cz\/virivka\/","headline":"V\u00ed\u0159ivka","name":"V\u00ed\u0159ivka","description":"Nab\u00edz\u00edme v\u00e1m nap\u0159\u00edklad prostorov\u011b \u00fasporn\u011b a velice praktickou drobnouv\u00ed\u0159ivka, kterou d\u00edky sympatick\u00fdm mal\u00fdm rozm\u011br\u016fm um\u00edst\u00edte t\u00e9m\u011b\u0159 kamkoliv. Je toti\u017e velice&hellip;","datePublished":"2024-12-28","dateModified":"2024-12-28","author":{"@type":"Person","@id":"https:\/\/www.ermon.cz\/author\/#Person","name":"","url":"https:\/\/www.ermon.cz\/author\/","identifier":1,"image":{"@type":"ImageObject","@id":"https:\/\/secure.gravatar.com\/avatar\/df9d3e7f7fe4622e291ec02ac46f5f76755ddc91019a65e783baee3892394402?s=96&d=mm&r=g","url":"https:\/\/secure.gravatar.com\/avatar\/df9d3e7f7fe4622e291ec02ac46f5f76755ddc91019a65e783baee3892394402?s=96&d=mm&r=g","height":96,"width":96}},"publisher":{"@type":"Organization","name":"ermon.cz","logo":{"@type":"ImageObject","@id":"\/logo.png","url":"\/logo.png","width":600,"height":60}},"url":"https:\/\/www.ermon.cz\/virivka\/","wordCount":173,"articleBody":"Nab\u00edz\u00edme v\u00e1m nap\u0159\u00edklad prostorov\u011b \u00fasporn\u011b a velice praktickou drobnouv\u00ed\u0159ivka, kterou d\u00edky sympatick\u00fdm mal\u00fdm rozm\u011br\u016fm um\u00edst\u00edte t\u00e9m\u011b\u0159 kamkoliv. Je toti\u017e velice dob\u0159e koncep\u010dn\u011b prostorov\u011b \u0159e\u0161ena, m\u00e1 velice p\u011bkn\u00fd design, a vejdou se do n\u00ed a\u017e t\u0159i osoby. Tato v\u00ed\u0159ivka v\u00e1m zajist\u00ed p\u0159\u00edjemn\u00fd odpo\u010dinek a dokonalou mas\u00e1\u017e, a p\u0159itom se m\u016f\u017ee um\u00edstit i do men\u0161\u00edch interi\u00e9r\u016f. M\u00e1 mal\u00e9 rozm\u011bry i malou v\u00fd\u0161ku. Bez probl\u00e9m\u016f se d\u00e1 pron\u00e9st dve\u0159mi. K dispozici je k n\u00ed \u0159ada nadstandardn\u00edho vybaven\u00ed, jako osv\u011btlen\u00ed, MP3 p\u0159ehr\u00e1va\u010d a mnoho jin\u00e9ho. \u0158e\u0161en\u00ed nedostatku m\u00edsta Jestli\u017ee nem\u00e1te dostatek m\u00edsta v exteri\u00e9ru ani v interi\u00e9ru, nemus\u00edte se p\u0159esto vzd\u00e1t va\u0161\u00ed p\u0159edstavy o va\u0161\u00ed vlastn\u00ed v\u00ed\u0159ivka. U n\u00e1s jist\u011b naleznete v\u00fdrobek, kter\u00fd bude koncep\u010dn\u011b vyhovovat va\u0161im p\u0159edstav\u00e1m a po\u017eadavk\u016fm.                                                                                                                                                                                                                                                                                                                                                                                                "},{"@context":"https:\/\/schema.org\/","@type":"BreadcrumbList","itemListElement":[{"@type":"ListItem","position":1,"name":"V\u00ed\u0159ivka","item":"https:\/\/www.ermon.cz\/virivka\/#breadcrumbitem"}]}]