[{"@context":"https:\/\/schema.org\/","@type":"Article","@id":"https:\/\/www.ermon.cz\/oblecte-se-do-teplych-svetru\/#Article","mainEntityOfPage":"https:\/\/www.ermon.cz\/oblecte-se-do-teplych-svetru\/","headline":"Oble\u010dte se do tepl\u00fdch svetr\u016f","name":"Oble\u010dte se do tepl\u00fdch svetr\u016f","description":"Vyzn\u00e1te se v m\u00f3d\u011b nebo vol\u00edte praktick\u00e9 oble\u010den\u00ed dle po\u010das\u00ed? V obou p\u0159\u00edpadech jste ur\u010dit\u011b u\u017e n\u011bkdy narazili na kardigan&hellip;","datePublished":"2022-01-17","dateModified":"2022-01-17","author":{"@type":"Person","@id":"https:\/\/www.ermon.cz\/author\/#Person","name":"","url":"https:\/\/www.ermon.cz\/author\/","identifier":1,"image":{"@type":"ImageObject","@id":"https:\/\/secure.gravatar.com\/avatar\/df9d3e7f7fe4622e291ec02ac46f5f76755ddc91019a65e783baee3892394402?s=96&d=mm&r=g","url":"https:\/\/secure.gravatar.com\/avatar\/df9d3e7f7fe4622e291ec02ac46f5f76755ddc91019a65e783baee3892394402?s=96&d=mm&r=g","height":96,"width":96}},"publisher":{"@type":"Organization","name":"ermon.cz","logo":{"@type":"ImageObject","@id":"\/logo.png","url":"\/logo.png","width":600,"height":60}},"image":{"@type":"ImageObject","@id":"https:\/\/www.ermon.cz\/wp-content\/uploads\/sweater-gac9d963e8_640.jpg","url":"https:\/\/www.ermon.cz\/wp-content\/uploads\/sweater-gac9d963e8_640.jpg","height":0,"width":0},"url":"https:\/\/www.ermon.cz\/oblecte-se-do-teplych-svetru\/","about":["Hry"],"wordCount":414,"articleBody":"   Vyzn\u00e1te se v m\u00f3d\u011b nebo vol\u00edte praktick\u00e9 oble\u010den\u00ed dle po\u010das\u00ed? V obou p\u0159\u00edpadech jste ur\u010dit\u011b u\u017e n\u011bkdy narazili na kardigan a neprohloup\u00edte, kdy\u017e si n\u011bjak\u00fd po\u0159\u00edd\u00edte. Mo\u017en\u00e1 i va\u0161e babi\u010dky by na\u0161ly n\u011bjak\u00fd pleten\u00fd nebo h\u00e1\u010dkovan\u00fd kardigan ve sv\u00e9m \u0161atn\u00edku. M\u00f3da se \u010dasto vrac\u00ed, a tak nen\u00ed divu, \u017ee se op\u011bt na sc\u00e9n\u011b objevuje kardigan, i kdy\u017e prvn\u00ed kardigany se vyr\u00e1b\u011bly u\u017e v polovin\u011b 19. stolet\u00ed. Kardigan v modern\u00edm pojet\u00ed je rozev\u00edrac\u00ed svetr bez knofl\u00edk\u016f, v hlub\u0161\u00edm v\u00fdst\u0159ihem tvaru \u201eV\u201c. P\u00e1nsk\u00e9 kardigany jsou n\u011bco jako vesty pod oblek, proto\u017ee v nich vyniknou kravaty. D\u00e1msk\u00e9 kardigany jsou del\u0161\u00ed, \u010dasto a\u017e pod kolena \u010dili jsou ide\u00e1ln\u00edm oble\u010den\u00edm na jarn\u00ed a podzimn\u00ed obdob\u00ed jako elegantn\u00ed svrchn\u00ed \u010d\u00e1st oble\u010den\u00ed.Kardigan m\u016f\u017ee b\u00fdt v podstat\u011b z jak\u00e9hokoliv materi\u00e1lu. Pleten\u00fd, h\u00e1\u010dkovan\u00fd, \u00fapletov\u00fd, hu\u0148at\u00fd, z polyamidu, z polyesteru, zateplen\u00fd \u010di lehou\u010dk\u00fd, v\u011bt\u0161inou s velk\u00fdmi kapsami, n\u011bkdy st\u00e1hnut\u00fd p\u00e1skem, zkr\u00e1tka v\u0161echny varianty jsou k dispozici a v\u00e1s bude st\u00e1t hodn\u011b \u010dasu a sil, ne\u017e si ten spr\u00e1vn\u00fd d\u00e1msk\u00fd kardigan https:\/\/www.mlada-moda.cz\/damska-moda\/kardigany vyberete. Kardigan p\u0159ipom\u00edn\u00e1 kab\u00e1tek, p\u0159ehoz nebo del\u0161\u00ed svetr, ale nikdy se neobl\u00e9k\u00e1 p\u0159es hlavu, tak\u017ee v\u00e1m nepocuch\u00e1 p\u0159i obl\u00e9k\u00e1n\u00ed \u00fa\u010des. Kardigan je velice univerz\u00e1ln\u00ed v mo\u017enostech k \u010demu ho obl\u00e9knout. Jste sportovn\u00ed typ a nem\u00e1te v \u0161atn\u00edku sukni ani \u0161aty? Nevad\u00ed, m\u016f\u017eete jej nosit k rifl\u00edm nebo elas\u0165\u00e1k\u016fm. Jdete na ve\u010d\u00edrek a venku se ochladilo? Oble\u010dte si elegantn\u00ed kardigan a ur\u010dit\u011b cestou nepromrznete.Nebo jste s p\u0159\u00e1teli na zahradn\u00edm grilov\u00e1n\u00ed? P\u0159iberte sebou kardigan a v\u0161ichni v\u00e1m po setm\u011bn\u00ed budou z\u00e1vid\u011bt jeho pohodl\u00ed. Jste zimom\u0159iv\u00e1? Kardigan slou\u017e\u00ed jako lehk\u00fd p\u0159ehoz p\u0159es z\u00e1da, kdykoliv si ho vezmete s sebou ven, nebudete litovat. Je elegantn\u00edm \u0159e\u0161en\u00edm ke kalhot\u00e1m, k sukn\u00edm i k \u0161at\u016fm. Kardigan ocen\u00edte i na dovolen\u00e9 u mo\u0159e, kdy\u017e ve\u010der zapadne slunce. Je to skute\u010dn\u00fd favorit mezi oble\u010den\u00edm. Nem\u011bl by \u017e\u00e1dn\u00e9 \u017een\u011b, ale ani mu\u017ei, chyb\u011bt ve sk\u0159\u00edni.                                                                                                                                                                                                                                                                                                                                                                                                  "},{"@context":"https:\/\/schema.org\/","@type":"BreadcrumbList","itemListElement":[{"@type":"ListItem","position":1,"name":"Oble\u010dte se do tepl\u00fdch svetr\u016f","item":"https:\/\/www.ermon.cz\/oblecte-se-do-teplych-svetru\/#breadcrumbitem"}]}]