[{"@context":"https:\/\/schema.org\/","@type":"Article","@id":"https:\/\/www.ermon.cz\/necekane-dedictvi\/#Article","mainEntityOfPage":"https:\/\/www.ermon.cz\/necekane-dedictvi\/","headline":"Ne\u010dekan\u00e9 d\u011bdictv\u00ed","name":"Ne\u010dekan\u00e9 d\u011bdictv\u00ed","description":"Dostali jste od not\u00e1\u0159e v\u00fdzvu k \u00fa\u010dasti u d\u011bdick\u00e9ho \u0159\u00edzen\u00ed! Ani\u017e, by ste tuto situaci jakkoliv o\u010dek\u00e1vali, vzd\u00e1len\u00fd p\u0159\u00edbuzn\u00fd V\u00e1m&hellip;","datePublished":"2025-03-08","dateModified":"2025-03-08","author":{"@type":"Person","@id":"https:\/\/www.ermon.cz\/author\/#Person","name":"","url":"https:\/\/www.ermon.cz\/author\/","identifier":1,"image":{"@type":"ImageObject","@id":"https:\/\/secure.gravatar.com\/avatar\/df9d3e7f7fe4622e291ec02ac46f5f76755ddc91019a65e783baee3892394402?s=96&d=mm&r=g","url":"https:\/\/secure.gravatar.com\/avatar\/df9d3e7f7fe4622e291ec02ac46f5f76755ddc91019a65e783baee3892394402?s=96&d=mm&r=g","height":96,"width":96}},"publisher":{"@type":"Organization","name":"ermon.cz","logo":{"@type":"ImageObject","@id":"\/logo.png","url":"\/logo.png","width":600,"height":60}},"url":"https:\/\/www.ermon.cz\/necekane-dedictvi\/","wordCount":189,"articleBody":"Dostali jste od not\u00e1\u0159e v\u00fdzvu k \u00fa\u010dasti u d\u011bdick\u00e9ho \u0159\u00edzen\u00ed! Ani\u017e, by ste tuto situaci jakkoliv o\u010dek\u00e1vali, vzd\u00e1len\u00fd p\u0159\u00edbuzn\u00fd V\u00e1m odk\u00e1zal chalupu v Jizersk\u00fdch hor\u00e1ch. Prvn\u00ed setk\u00e1n\u00ed s d\u011bdictv\u00edm ve V\u00e1s vzbudilo ohromn\u00e9 zd\u011b\u0161en\u00ed. Chalupa nebyla po dlouh\u00e1 l\u00e9ta opravov\u00e1na a pustla. V duchu si mysl\u00edte, zda ji budete moci je\u0161t\u011b zachr\u00e1nit. V boji za z\u00e1chranu V\u00e1m pom\u016f\u017eeme Jsme specialisty v oblasti p\u00e9\u010de o domovy na\u0161ich z\u00e1kazn\u00edk\u016f. P\u016fsob\u00edme v oboru v\u00fdroby d\u0159ev\u011bn\u00fdch oken, kter\u00e9 neztr\u00e1cej\u00ed na sv\u00e9 kr\u00e1se a eleganci. Tato okna dodaj\u00ed Va\u0161\u00ed chalup\u011b \u010di domu na p\u016fvodn\u00edm lesku. D\u0159evo jako p\u0159\u00edrodn\u00ed materi\u00e1l je st\u00e1le obl\u00edben\u00e9 a z\u00e1kazn\u00edci se k p\u0159edm\u011bt\u016fm z tohoto materi\u00e1lu velmi r\u00e1di vracej\u00ed, ba dokonce jeho obliba v posledn\u00edch letech vzr\u016fst\u00e1. P\u0159\u00edrodn\u00ed materi\u00e1l pln\u00ed jejich o\u010dek\u00e1v\u00e1n\u00ed dobr\u00e9 kvality, kterou mohou p\u0159edat budouc\u00edm generac\u00edm.                                                                                                                                                                                                                                                                                                                                                                                                "},{"@context":"https:\/\/schema.org\/","@type":"BreadcrumbList","itemListElement":[{"@type":"ListItem","position":1,"name":"Ne\u010dekan\u00e9 d\u011bdictv\u00ed","item":"https:\/\/www.ermon.cz\/necekane-dedictvi\/#breadcrumbitem"}]}]