[{"@context":"https:\/\/schema.org\/","@type":"Article","@id":"https:\/\/www.ermon.cz\/mladistvy-a-svezi-vzhled\/#Article","mainEntityOfPage":"https:\/\/www.ermon.cz\/mladistvy-a-svezi-vzhled\/","headline":"Mladistv\u00fd a sv\u011b\u017e\u00ed vzhled","name":"Mladistv\u00fd a sv\u011b\u017e\u00ed vzhled","description":"Nic se nem\u00e1 p\u0159eh\u00e1n\u011bt. Ale p\u0159irozen\u00e1 p\u00e9\u010de o sv\u016fj vzhled je n\u011bco, co pat\u0159\u00ed k \u017eivotu modern\u00edch lid\u00ed naprosto neodmysliteln\u011b.&hellip;","datePublished":"2023-07-26","dateModified":"2023-07-26","author":{"@type":"Person","@id":"https:\/\/www.ermon.cz\/author\/#Person","name":"","url":"https:\/\/www.ermon.cz\/author\/","identifier":1,"image":{"@type":"ImageObject","@id":"https:\/\/secure.gravatar.com\/avatar\/df9d3e7f7fe4622e291ec02ac46f5f76755ddc91019a65e783baee3892394402?s=96&d=mm&r=g","url":"https:\/\/secure.gravatar.com\/avatar\/df9d3e7f7fe4622e291ec02ac46f5f76755ddc91019a65e783baee3892394402?s=96&d=mm&r=g","height":96,"width":96}},"publisher":{"@type":"Organization","name":"ermon.cz","logo":{"@type":"ImageObject","@id":"\/logo.png","url":"\/logo.png","width":600,"height":60}},"url":"https:\/\/www.ermon.cz\/mladistvy-a-svezi-vzhled\/","wordCount":263,"articleBody":"Nic se nem\u00e1 p\u0159eh\u00e1n\u011bt. Ale p\u0159irozen\u00e1 p\u00e9\u010de o sv\u016fj vzhled je n\u011bco, co pat\u0159\u00ed k \u017eivotu modern\u00edch lid\u00ed naprosto neodmysliteln\u011b. Nen\u00ed to nic proti p\u0159\u00edrod\u011b, kdy\u017e se vhodn\u011b napom\u016f\u017ee tomu, aby se ve va\u0161em vzhledu tak tro\u0161ku zastavil \u010das. Sou\u010dasnost p\u0159eje p\u011bst\u011bn\u00e9mu zevn\u011bj\u0161ku a vzhledu, kter\u00fd p\u016fsob\u00ed sv\u011b\u017e\u00edm a mladistv\u00fdm dojmem. A tak se nab\u00edz\u00ed dost mo\u017enost\u00ed na to, jak se o sebe postarat. Velk\u00e9 mo\u017enosti v sob\u011b ukr\u00fdv\u00e1 tak\u00e9 estetick\u00e1 dermatologie Karlovy Vary. Ta si dok\u00e1\u017ee poradit s men\u0161\u00edmi i z\u00e1va\u017en\u011bj\u0161\u00edmi ko\u017en\u00edmi probl\u00e9my naprosto skv\u011ble.\u0158e\u0161en\u00ed pro ka\u017ed\u00e9hoObr\u00e1tit se na odborn\u00edky, kte\u0159\u00ed maj\u00ed praxi v oboru, jen\u017e pom\u00e1h\u00e1 \u0159e\u0161it nejr\u016fzn\u011bj\u0161\u00ed ko\u017en\u00ed probl\u00e9my, je krok, kter\u00fd v\u00e1m vr\u00e1t\u00ed radost ze \u017eivota. Estetick\u00e1 dermatologie je l\u00e9ka\u0159sk\u00fd obor, jen\u017e d\u00edky modern\u00edm metod\u00e1m a dokonal\u00fdm p\u0159\u00edstroj\u016fm zvl\u00e1d\u00e1 \u00fakoly, je\u017e byly je\u0161t\u011b doned\u00e1vna \u0159e\u0161iteln\u00e9 jen \u010d\u00e1ste\u010dn\u011b anebo v\u016fbec. Je to velk\u00e1 \u0161ance pro ka\u017ed\u00e9ho, komu n\u011bjak\u00e1 ta vada na kr\u00e1se ztrp\u010duje \u017eivot. Pro\u010d se tr\u00e1pit n\u011b\u010d\u00edm, co jde odstranit a pro\u010d si nedop\u0159\u00e1t p\u00e9\u010di, kter\u00e1 v\u00e1m vykouzl\u00ed \u00fasm\u011bv ve tv\u00e1\u0159i. V\u011bk nerozhoduje a ani to, jestli m\u00e1te jen jednu pigmentovou skvrnku ve tv\u00e1\u0159i anebo v\u00e1m padaj\u00ed vlasy.                                                                                                                                                                                                                                                                                                                                                                                                "},{"@context":"https:\/\/schema.org\/","@type":"BreadcrumbList","itemListElement":[{"@type":"ListItem","position":1,"name":"Mladistv\u00fd a sv\u011b\u017e\u00ed vzhled","item":"https:\/\/www.ermon.cz\/mladistvy-a-svezi-vzhled\/#breadcrumbitem"}]}]