[{"@context":"https:\/\/schema.org\/","@type":"Article","@id":"https:\/\/www.ermon.cz\/dulezite-elektro\/#Article","mainEntityOfPage":"https:\/\/www.ermon.cz\/dulezite-elektro\/","headline":"D\u016fle\u017eit\u00e9 elektro","name":"D\u016fle\u017eit\u00e9 elektro","description":"Bez elektra se dne\u0161n\u00ed lid\u00e9 u\u017e asi neobejdou. Tedy alespo\u0148 tohle je m\u016fj n\u00e1zor, proto\u017ee kdyby se lid\u00e9 obe\u0161li bez&hellip;","datePublished":"2025-01-29","dateModified":"2025-01-29","author":{"@type":"Person","@id":"https:\/\/www.ermon.cz\/author\/#Person","name":"","url":"https:\/\/www.ermon.cz\/author\/","identifier":1,"image":{"@type":"ImageObject","@id":"https:\/\/secure.gravatar.com\/avatar\/df9d3e7f7fe4622e291ec02ac46f5f76755ddc91019a65e783baee3892394402?s=96&d=mm&r=g","url":"https:\/\/secure.gravatar.com\/avatar\/df9d3e7f7fe4622e291ec02ac46f5f76755ddc91019a65e783baee3892394402?s=96&d=mm&r=g","height":96,"width":96}},"publisher":{"@type":"Organization","name":"ermon.cz","logo":{"@type":"ImageObject","@id":"\/logo.png","url":"\/logo.png","width":600,"height":60}},"image":{"@type":"ImageObject","@id":"https:\/\/www.ermon.cz\/wp-content\/uploads\/plans-1867745_640_1.jpg","url":"https:\/\/www.ermon.cz\/wp-content\/uploads\/plans-1867745_640_1.jpg","height":0,"width":0},"url":"https:\/\/www.ermon.cz\/dulezite-elektro\/","about":["Elektro"],"wordCount":415,"articleBody":"Bez elektra se dne\u0161n\u00ed lid\u00e9 u\u017e asi neobejdou. Tedy alespo\u0148 tohle je m\u016fj n\u00e1zor, proto\u017ee kdyby se lid\u00e9 obe\u0161li bez elektra, tak si mysl\u00edm, \u017ee by se elektro potom u\u017e tak neprod\u00e1valo. J\u00e1 jsem d\u0159\u00edve pracovala v elektru a mus\u00edm \u0159\u00edct, \u017ee jsme tam m\u011bli opravdu hodn\u011b z\u00e1jemc\u016f. Z\u00e1jemc\u016f o r\u016fzn\u00e9 elektro a podobn\u011b. Proto si mysl\u00edm, \u017ee bez elektra u\u017e by \u017e\u00e1dn\u00fd \u010dlov\u011bk asi b\u00fdt nemohl. Pro n\u011bkoho je to opravdu hodn\u011b n\u00e1ro\u010dn\u00e9 se obej\u00edt bez elektra, proto\u017ee je to n\u00e1ro\u010dn\u00e9, kdy\u017e t\u0159eba pracujete s elektrem a potom byste ho nem\u011bli. J\u00e1 sama jsem si \u0159ekla, \u017ee osobn\u011b bych se bez elektra neobe\u0161la.A to hlavn\u011b bez po\u010d\u00edta\u010de a mobiln\u00edho telefonu. A co vy byste se obe\u0161li bez elektra? Kdybyste mi \u0159ekli, \u017ee ano, tak bychom asi ani moc nev\u011b\u0159ila. M\u00e1m nap\u0159\u00edklad bratra, kter\u00fd m\u00e1 opravdu velikou a kr\u00e1snou gar\u00e1\u017e. M\u00e1 tam st\u00e1le uklizeno a on \u0159\u00edkal, \u017ee tam m\u00e1 tolik elektra anebo tolik n\u00e1\u0159ad\u00ed, \u017ee bez toho by snad u\u017e ani nemohl \u017e\u00edt. On \u0159\u00edkal, \u017ee kdy\u017e opravuje auto, \u017ee pot\u0159ebuje opravdu r\u016fzn\u00e9ho elektra, opravdu hodn\u011b elektra. On m\u00e1 toho doma opravdu hodn\u011b. Naposledy se na V\u00e1noce s\u00e1m pro sebe koupil tak\u00e9 r\u016fzn\u00e9 elektro, kter\u00e9 pot\u0159ebuje ve sv\u00e9 d\u00edln\u011b. On toti\u017e ob\u010das opravuje auta anebo motorky.Mysl\u00edm si, \u017ee tohle je opravdu skv\u011bl\u00e9, proto\u017ee v dne\u0161n\u00ed dob\u011b ka\u017ed\u00fd pot\u0159ebuje opravovat auta nebo motorky. M\u016fj bratr tak\u00e9 d\u0159\u00edve d\u011blal na STK. D\u011blal tam stav technick\u00e9 kontroly. Proto\u017ee tohle je tak\u00e9 velice d\u016fle\u017eit\u00e9 a k tomu tak\u00e9 pot\u0159ebujete r\u016fzn\u00e9 v\u011bci, jako je nap\u0159\u00edklad elektro a podobn\u011b. Nebo r\u016fznou techniku, bez n\u011bjak\u00e9 techniky se \u010dlov\u011bk v\u016fbec neobejde. Proto si mysl\u00edm, \u017ee jsou lid\u00e9, kte\u0159\u00ed bez techniky v\u016fbec nemohou \u017e\u00edt. A to hlavn\u011b ani ne v elektr\u00e1rn\u00e1ch, ani ne t\u0159eba v nemocnici ve zdravotnictv\u00ed i tam se vyu\u017e\u00edv\u00e1 r\u016fzn\u00e1 technika anebo elektro. Nap\u0159\u00edklad na pozorov\u00e1n\u00ed srdce nebo \u017ealudku mozku a podobn\u011b. I na tohle l\u00e9ka\u0159i pot\u0159ebuj\u00ed n\u011bjak\u00e9 elektro anebo jinou techniku. A nen\u00ed technika jako technika. V\u017edycky si \u010dlov\u011bk n\u011bco najde, co ho bude bavit.\u00a0                                                                                                                                                                                                                                                                                                                                                                                                "},{"@context":"https:\/\/schema.org\/","@type":"BreadcrumbList","itemListElement":[{"@type":"ListItem","position":1,"name":"D\u016fle\u017eit\u00e9 elektro","item":"https:\/\/www.ermon.cz\/dulezite-elektro\/#breadcrumbitem"}]}]