[{"@context":"https:\/\/schema.org\/","@type":"Article","@id":"https:\/\/www.ermon.cz\/dejte-prednost-zahradni-party-pred-posezenim-v-interieru\/#Article","mainEntityOfPage":"https:\/\/www.ermon.cz\/dejte-prednost-zahradni-party-pred-posezenim-v-interieru\/","headline":"Dejte p\u0159ednost zahradn\u00ed p\u00e1rty p\u0159ed posezen\u00edm v interi\u00e9ru","name":"Dejte p\u0159ednost zahradn\u00ed p\u00e1rty p\u0159ed posezen\u00edm v interi\u00e9ru","description":"Pro\u010d rad\u011bji slavit venku pod \u0161ir\u00fdm nebem a d\u00e1t tomuto \u0159e\u0161en\u00ed p\u0159ednost p\u0159ed vnit\u0159n\u00edmi prostorami? Oxid uhli\u010dit\u00fd \u2013 na co&hellip;","datePublished":"2023-03-25","dateModified":"2023-04-25","author":{"@type":"Person","@id":"https:\/\/www.ermon.cz\/author\/#Person","name":"","url":"https:\/\/www.ermon.cz\/author\/","identifier":1,"image":{"@type":"ImageObject","@id":"https:\/\/secure.gravatar.com\/avatar\/df9d3e7f7fe4622e291ec02ac46f5f76755ddc91019a65e783baee3892394402?s=96&d=mm&r=g","url":"https:\/\/secure.gravatar.com\/avatar\/df9d3e7f7fe4622e291ec02ac46f5f76755ddc91019a65e783baee3892394402?s=96&d=mm&r=g","height":96,"width":96}},"publisher":{"@type":"Organization","name":"ermon.cz","logo":{"@type":"ImageObject","@id":"\/logo.png","url":"\/logo.png","width":600,"height":60}},"image":{"@type":"ImageObject","@id":"https:\/\/www.ermon.cz\/wp-content\/uploads\/party-g82a5bf4fc_640.jpg","url":"https:\/\/www.ermon.cz\/wp-content\/uploads\/party-g82a5bf4fc_640.jpg","height":0,"width":0},"url":"https:\/\/www.ermon.cz\/dejte-prednost-zahradni-party-pred-posezenim-v-interieru\/","about":["Nakupov\u00e1n\u00ed"],"wordCount":421,"articleBody":"      Pro\u010d rad\u011bji slavit venku pod \u0161ir\u00fdm nebem a d\u00e1t tomuto \u0159e\u0161en\u00ed p\u0159ednost p\u0159ed vnit\u0159n\u00edmi prostorami?Oxid uhli\u010dit\u00fd \u2013 na co se velmi \u010dasto zapom\u00edn\u00e1, je \u010dist\u00fd vzduch. Nejde ani tak o to, zda jsou zrovna p\u0159ekro\u010deny limity pol\u00e9tav\u00e9ho prachu nebo oxid\u016f dus\u00edku, jde o jin\u00e9 nebezpe\u010d\u00ed, a sice vyd\u00fdchan\u00fd oxid uhli\u010dit\u00fd z plic. Jestli\u017ee m\u00e1lo v\u011btr\u00e1te, m\u016f\u017ee v\u00e1s rozbolet hlava, ud\u011blat se nevolno a dostavit se depresivn\u00ed n\u00e1lada. U oslav po\u0159\u00e1dan\u00fdch na zahrad\u00e1ch se \u017e\u00e1dn\u00e9 v\u011btr\u00e1n\u00ed \u0159e\u0161it nemus\u00ed.M\u00e1lo m\u00edsta \u2013 co naplat, oslavy po\u0159\u00e1dan\u00e9 v interi\u00e9rech jsou ide\u00e1ln\u00ed tehdy, je-li ve vnit\u0159n\u00edch prostor\u00e1ch dostatek voln\u00e9ho prostoru. Tam, kde se naopak t\u00edsn\u00edte u konferen\u010dn\u00edho stolku v ob\u00fdv\u00e1ku, nama\u010dk\u00e1ni na sebe a zakop\u00e1v\u00e1te navz\u00e1jem o ciz\u00ed nohy, nem\u00e1 oslava pot\u0159ebn\u00e9 parametry. Venku to bude lep\u0161\u00ed, m\u016f\u017eete se tu i \u010dast\u011bji proch\u00e1zet a vyu\u017e\u00edt ob\u010derstvovac\u00edho koutku nap\u0159\u00edklad pod p\u00e1rty stanem s plastov\u00fdmi stoly a jednor\u00e1zov\u00fdmi tal\u00ed\u0159i a p\u0159\u00edbory. Venku lze tak\u00e9 provozovat r\u016fzn\u00e9 sportovn\u00ed aktivity.Nebezpe\u010d\u00ed \u00farazu \u2013 tam, kde je m\u00e9n\u011b prostoru, je v\u011bt\u0161\u00ed nebezpe\u010d\u00ed r\u016fzn\u00fdch p\u00e1d\u016f, nap\u0159\u00edklad p\u0159i zakopnut\u00ed o nohu stolu. V dom\u00e1cnosti se v\u00e1m mnohem sn\u00e1z p\u0159ihod\u00ed \u00faraz, pokud je v m\u00edstnosti v\u011bt\u0161\u00ed po\u010det host\u016f a jde o b\u011b\u017en\u00fd dvou nebo t\u0159\u00edpokojov\u00fd byt. M\u00e1te-li mo\u017enost po\u0159\u00e1dat oslavu venku na zahrad\u011b, tam p\u0159\u00edpadn\u00e9 p\u00e1dy budou m\u011bk\u010d\u00ed, v\u011bt\u0161inou na tr\u00e1vn\u00edk.Po\u0161kozen\u00ed vybaven\u00ed interi\u00e9ru \u2013 kdy\u017e posad\u00edte sv\u00e9 hosty p\u0159i p\u0159\u00edle\u017eitosti narozeninov\u00e9 oslavy do ob\u00fdv\u00e1ku ke konferen\u010dn\u00edmu stolku, o\u010dek\u00e1v\u00e1te, \u017ee se tu lid\u00e9 budou sice bavit, ale v rozumn\u00fdch mez\u00edch. Mo\u017en\u00e1, \u017ee tomu tak skute\u010dn\u011b bude, ale sta\u010d\u00ed dv\u011b, t\u0159i sklenky v\u00edna a i ti nejopatrn\u011bj\u0161\u00ed jedinci postr\u00e1daj\u00ed plnou kontrolu nad sv\u00fdmi pohyby a mohou v\u00e1m necht\u011bn\u011b rozb\u00edt v\u00e1zu, po\u0161kr\u00e1bat st\u016fl, roztrhnout k\u0159eslo, rozl\u00edt k\u00e1vu \u010di v\u00edno na koberec atd. Venku naopak o nic nejde, a m\u00e1te-li k dispozici plastov\u00e9 p\u00e1rty stoly, ty jen tak n\u011bkdo nepo\u0161kod\u00ed.                                                                                                                                                                                                                                                                                                                                                                                                  "},{"@context":"https:\/\/schema.org\/","@type":"BreadcrumbList","itemListElement":[{"@type":"ListItem","position":1,"name":"Dejte p\u0159ednost zahradn\u00ed p\u00e1rty p\u0159ed posezen\u00edm v interi\u00e9ru","item":"https:\/\/www.ermon.cz\/dejte-prednost-zahradni-party-pred-posezenim-v-interieru\/#breadcrumbitem"}]}]