[{"@context":"https:\/\/schema.org\/","@type":"Article","@id":"https:\/\/www.ermon.cz\/chorvatsko-v-zime-nebudete-litovat\/#Article","mainEntityOfPage":"https:\/\/www.ermon.cz\/chorvatsko-v-zime-nebudete-litovat\/","headline":"Chorvatsko v zim\u011b? Nebudete litovat!","name":"Chorvatsko v zim\u011b? Nebudete litovat!","description":"Je za\u010d\u00e1tek roku. Je po V\u00e1noc\u00edch, \u010dlov\u011bk u\u017e se nem\u00e1 b\u011bhem chladn\u00fdch m\u011bs\u00edc\u016f na co moc t\u011b\u0161it, a jenom netrp\u011bliv\u011b&hellip;","datePublished":"2023-09-23","dateModified":"2023-10-31","author":{"@type":"Person","@id":"https:\/\/www.ermon.cz\/author\/#Person","name":"","url":"https:\/\/www.ermon.cz\/author\/","identifier":1,"image":{"@type":"ImageObject","@id":"https:\/\/secure.gravatar.com\/avatar\/df9d3e7f7fe4622e291ec02ac46f5f76755ddc91019a65e783baee3892394402?s=96&d=mm&r=g","url":"https:\/\/secure.gravatar.com\/avatar\/df9d3e7f7fe4622e291ec02ac46f5f76755ddc91019a65e783baee3892394402?s=96&d=mm&r=g","height":96,"width":96}},"publisher":{"@type":"Organization","name":"ermon.cz","logo":{"@type":"ImageObject","@id":"\/logo.png","url":"\/logo.png","width":600,"height":60}},"image":{"@type":"ImageObject","@id":"https:\/\/www.ermon.cz\/wp-content\/uploads\/hrvoje_photography-Tw4vgrhKncw-unsplash.jpg","url":"https:\/\/www.ermon.cz\/wp-content\/uploads\/hrvoje_photography-Tw4vgrhKncw-unsplash.jpg","height":0,"width":0},"url":"https:\/\/www.ermon.cz\/chorvatsko-v-zime-nebudete-litovat\/","about":["Firmy"],"wordCount":417,"articleBody":"       Je za\u010d\u00e1tek roku. Je po V\u00e1noc\u00edch, \u010dlov\u011bk u\u017e se nem\u00e1 b\u011bhem chladn\u00fdch m\u011bs\u00edc\u016f na co moc t\u011b\u0161it, a jenom netrp\u011bliv\u011b o\u010dek\u00e1v\u00e1, kdy u\u017e bude kone\u010dn\u011b jaro. A co si zp\u0159\u00edjemnit tyto m\u011bs\u00edce n\u011bjakou hezkou dovolenou? Pokud v\u00e1s nel\u00e1kaj\u00ed hory ale naopak, jeli byste nejrad\u011bji n\u011bkam za teplem, m\u00e1te spoustu mo\u017enost\u00ed. Egypt, Dubaj, Maledivy, Malta\u2026to v\u0161echno jsou m\u00edsta, kde si u\u017eijete tepla i b\u011bhem m\u011bs\u00edc\u016f, kdy u n\u00e1s panuje sn\u00edh a zima.Pokud jsou tyto destinace ale pro v\u00e1s p\u0159\u00edli\u0161 drah\u00e9 a netrv\u00e1te vylo\u017een\u011b na tom, \u017ee se budete cel\u00e9 dny jen povalovat na pl\u00e1\u017ei a u\u017e\u00edvat si slun\u00ed\u010dka, vyzkou\u0161ejte Chorvatsko. M\u00e1me pro v\u00e1s dokonce jeden tip, a to je m\u011bste\u010dko Primo\u0161ten.Primo\u0161ten je malebn\u00e9 m\u011bste\u010dko, kter\u00e9 se nach\u00e1z\u00ed na ji\u017en\u00ed \u010d\u00e1sti severn\u00ed Dalm\u00e1cie, asi 60 kilometr\u016f od zn\u00e1m\u00e9ho letoviska Split. Jedn\u00e1 se o zem\u011bd\u011blskou oblast, kde se p\u0159ev\u00e1\u017en\u00e1 \u010d\u00e1st obyvatel \u017eiv\u00fd rybolovem anebo p\u011bstov\u00e1n\u00edm oliv a v\u00edna. Hodn\u011b obyvatel se ale tak\u00e9 \u017eiv\u00ed pr\u00e1v\u011b turismem, kter\u00fd je nejsiln\u011bj\u0161\u00ed v letn\u00edch m\u011bs\u00edc\u00edch.I v \u00fanoru nebo b\u0159eznu tady u\u017e za\u017eijete nefal\u0161ovan\u00e9 jaro, v\u010detn\u011b rozkvetl\u00fdch kv\u011btin a slun\u00ed\u010dka, kter\u00e9 sice neh\u0159eje nijak siln\u011b, ale u\u017e v\u00e1s p\u0159\u00edjemn\u011b oh\u0159eje. Turismus tu v t\u00e9to dob\u011b skoro nen\u00ed, tak\u017ee si budete u\u017e\u00edvat soukrom\u00ed a budete m\u00edt m\u011bsto t\u00e9m\u011b\u0159 pro sebe. V m\u011bste\u010dku toti\u017e \u017eije jen n\u011bco m\u00e1lo p\u0159es 1500 obyvatel.Hned vedle poloostrovu Primo\u0161ten se nach\u00e1z\u00ed poloostrov Radu\u010da. Zde najdete spoustu restaurac\u00ed, baz\u00e9n\u016f, sportovn\u00edho vy\u017eit\u00ed a podobn\u011b. Na Primo\u0161tenu se nach\u00e1z\u00ed velk\u00fd pam\u00e1tn\u00edk Panny Marie, kter\u00fd je dokonce t\u00edm nejv\u011bt\u0161\u00edm na sv\u011bt\u011b. Proch\u00e1zky vinnou r\u00e9vou, kter\u00e1 e zde p\u011bstuje si ur\u010dit\u011b u\u017eijete a budou nezapomenuteln\u00fdm z\u00e1\u017eitkem. Zdej\u0161\u00ed vinn\u00e9 r\u00e9vy dokonce usiluj\u00ed o to, aby byly zaps\u00e1ny do Seznamu kulturn\u00edho d\u011bdictv\u00ed UNESCO. V\u00edce o tom, jak\u00e9 to je nav\u0161t\u00edvit tento poloostrov mimo letn\u00ed m\u011bs\u00edce, se dozv\u00edte v \u010dl\u00e1nku Primo\u0161ten v \u00fanoru Na Jadranu.                                                                                                                                                                                                                                                                                                                                                                                                  "},{"@context":"https:\/\/schema.org\/","@type":"BreadcrumbList","itemListElement":[{"@type":"ListItem","position":1,"name":"Chorvatsko v zim\u011b? Nebudete litovat!","item":"https:\/\/www.ermon.cz\/chorvatsko-v-zime-nebudete-litovat\/#breadcrumbitem"}]}]